{"id":1412,"date":"2026-09-03T17:19:55","date_gmt":"2026-09-03T16:19:55","guid":{"rendered":"https:\/\/www.siegl.cz\/blog\/?p=1412"},"modified":"2026-09-03T17:45:33","modified_gmt":"2026-09-03T16:45:33","slug":"azbest-ticha-hrozba-ve-starsich-stavbach","status":"publish","type":"post","link":"https:\/\/www.siegl.cz\/blog\/odpady\/azbest-ticha-hrozba-ve-starsich-stavbach","title":{"rendered":"Azbest: tich\u00e1 hrozba ve star\u0161\u00edch stavb\u00e1ch"},"content":{"rendered":"<p><strong>Azbest &#8211; d\u0159\u00edve velice popul\u00e1rn\u00ed, hojn\u011b pou\u017e\u00edvan\u00fd ve stavb\u00e1ch postaven\u00fdch p\u0159ed rokem 1990.<\/strong> Vysoce <strong>\u017e\u00e1ruvzdorn\u00fd, pevn\u00fd, chemicky odoln\u00fd a levn\u00fd<\/strong>. D\u00edky t\u011bmto vlastnostem byl vyu\u017e\u00edvan\u00fd zejm\u00e9na jako st\u0159e\u0161n\u00ed krytina a izolace. Pokud se s azbestem \u0161patn\u011b manipuluje, <strong>m\u016f\u017ee v\u00e1\u017en\u011b ohrozit zdrav\u00ed<\/strong>. Proto je jeho <strong>pou\u017e\u00edv\u00e1n\u00ed zak\u00e1zan\u00e9<\/strong>. Ve star\u0161\u00edch stavb\u00e1ch se s n\u00edm ale st\u00e1le m\u016f\u017eeme setkat.<\/p>\n<h2>Kde se s azbestem nej\u010dast\u011bji setk\u00e1te?<\/h2>\n<p>Jak u\u017e jsme napsali v \u00favodu, azbest byl popul\u00e1rn\u00edm materi\u00e1lem pou\u017e\u00edvan\u00fdm ve star\u0161\u00edch budov\u00e1ch postaven\u00fdch p\u0159ibli\u017en\u011b do konce 90. let. Nejv\u011bt\u0161\u00ed spot\u0159eba azbestu byla v letech 1975 a\u017e 1990.<\/p>\n<p><strong>Nej\u010dast\u011bji ho najdeme v:<\/strong><\/p>\n<ul class=\"list-group\">\n<li class=\"list-group-item\">eternitov\u00fdch st\u0159e\u0161n\u00edch ta\u0161k\u00e1ch<\/li>\n<li class=\"list-group-item\">fas\u00e1dn\u00edch a obkladov\u00fdch panelech<\/li>\n<li class=\"list-group-item\">star\u00fdch izola\u010dn\u00edch materi\u00e1lech<\/li>\n<li class=\"list-group-item\">potrubn\u00edch izolac\u00edch<\/li>\n<li class=\"list-group-item\">podlahov\u00fdch desk\u00e1ch a lepidlech<\/li>\n<li class=\"list-group-item\">star\u0161\u00edch protipo\u017e\u00e1rn\u00edch izolac\u00edch<\/li>\n<\/ul>\n<h2>Pro\u010d je azbest nebezpe\u010dn\u00fd?<\/h2>\n<p><strong>Azbest s\u00e1m o sob\u011b nen\u00ed nebezpe\u010dn\u00fd<\/strong>, pokud je pevn\u011b v\u00e1zan\u00fd v materi\u00e1lu. Riziko nast\u00e1v\u00e1 ve chv\u00edli, kdy se <strong>materi\u00e1l za\u010dne l\u00e1mat, \u0159ezat nebo jinak naru\u0161ovat<\/strong>.<\/p>\n<p>V takov\u00e9m p\u0159\u00edpad\u011b se do vzduchu uvol\u0148uj\u00ed <strong>velmi jemn\u00e1 vl\u00e1kna, kter\u00e1 lze snadno vdechnout<\/strong>.<\/p>\n<p><strong>Ta mohou zp\u016fsobit v\u00e1\u017en\u00e1 onemocn\u011bn\u00ed:<\/strong><\/p>\n<ul class=\"list-group\">\n<li class=\"list-group-item\">azbest\u00f3zu (onemocn\u011bn\u00ed plic)<\/li>\n<li class=\"list-group-item\">rakovinu plic<\/li>\n<li class=\"list-group-item\">mezoteliom (vz\u00e1cn\u00fd, ale velmi agresivn\u00ed n\u00e1dor pohrudnice)<\/li>\n<\/ul>\n<h2>Jak se azbest likviduje a kam se odv\u00e1\u017e\u00ed?<\/h2>\n<p><strong>Likvidace azbestu m\u00e1 velmi p\u0159\u00edsn\u00e1 pravidla<\/strong> a rozhodn\u011b se nejedn\u00e1 o b\u011b\u017en\u00fd stavebn\u00ed odpad.<\/p>\n<p>Z\u00e1kladn\u00ed princip je jednoduch\u00fd: <strong>azbest se nesm\u00ed uvolnit do ovzdu\u0161\u00ed<\/strong>.<\/p>\n<p><strong>V praxi to znamen\u00e1:<\/strong><\/p>\n<ul class=\"list-group\" style=\"margin-bottom: 1rem;\">\n<li class=\"list-group-item\">nesm\u00ed se l\u00e1mat ani \u0159ezat<\/li>\n<li class=\"list-group-item\">mus\u00ed se demontovat vcelku, pokud je to mo\u017en\u00e9<\/li>\n<li class=\"list-group-item\">pou\u017e\u00edvaj\u00ed se ochrann\u00e9 prost\u0159edky (respir\u00e1tory, obleky)<\/li>\n<li class=\"list-group-item\">prostor se \u010dasto zvlh\u010duje, aby se sn\u00ed\u017eila pra\u0161nost<\/li>\n<li class=\"list-group-item\">odpad se ihned bal\u00ed do neprody\u0161n\u00fdch obal\u016f<\/li>\n<\/ul>\n<p>Azbest pat\u0159\u00ed mezi nebezpe\u010dn\u00fd odpad a m\u016f\u017ee ho p\u0159evz\u00edt pouze specializovan\u00e9 za\u0159\u00edzen\u00ed s opr\u00e1vn\u011bn\u00edm.<\/p>\n<p><strong>Po odvozu:<\/strong><\/p>\n<ul class=\"list-group\">\n<li class=\"list-group-item\">se bezpe\u010dn\u011b ulo\u017e\u00ed na \u0159\u00edzen\u00e9 skl\u00e1dky nebezpe\u010dn\u00e9ho odpadu<\/li>\n<li class=\"list-group-item\">podl\u00e9h\u00e1 p\u0159\u00edsn\u00e9 evidenci a dokumentaci<\/li>\n<li class=\"list-group-item\">nesm\u00ed se d\u00e1le nijak upravovat ani recyklovat<\/li>\n<\/ul>\n<h2>Od 1.1.2026 plat\u00ed nov\u00e1 pravidla pro pr\u00e1ci s\u00a0azbestem<\/h2>\n<p><strong>Ka\u017ed\u00fd zam\u011bstnavatel, ale nov\u011b i fyzick\u00e1 osoba<\/strong>, kter\u00e1 bude prov\u00e1d\u011bt pr\u00e1ci sv\u00e9pomoc\u00ed, ka\u017ed\u00e9 bour\u00e1n\u00ed, rekonstrukce \u010di jin\u00e9 pr\u00e1ce, kde m\u016f\u017ee doch\u00e1zet k uvol\u0148ov\u00e1n\u00ed azbestov\u00e9ho prachu a kde je pravd\u011bpodobn\u00e1 expozice azbestu, mus\u00ed tuto pr\u00e1ci <strong>ohl\u00e1sit p\u0159\u00edslu\u0161n\u00e9 krajsk\u00e9 hygienick\u00e9 stanici<\/strong>.<\/p>\n<p><strong>Pokud bude azbest odstra\u0148ovat zam\u011bstnavatel \u010di OSV\u010c, plat\u00ed povinnost ohl\u00e1sit pr\u00e1ce nejm\u00e9n\u011b 30 dn\u016f p\u0159edem.<\/strong> V ohl\u00e1\u0161en\u00ed p\u0159esn\u011b pop\u00ed\u0161e, jak bude postupovat. Dolo\u017e\u00ed tak\u00e9 osv\u011bd\u010den\u00ed o pro\u0161kolen\u00ed zam\u011bstnanc\u016f o spr\u00e1vn\u00e9 pr\u00e1ci s azbestem. S pracemi m\u016f\u017ee za\u010d\u00edt, a\u017e hygienick\u00e1 stanice vyd\u00e1 rozhodnut\u00ed o povolen\u00ed pr\u00e1ce s azbestem.<\/p>\n<p><strong>Pokud bude azbest odstra\u0148ovat fyzick\u00e1 osoba, plat\u00ed povinnost ohl\u00e1\u0161en\u00ed pr\u00e1ce nejm\u00e9n\u011b 3 dny p\u0159edem.<\/strong> V ohl\u00e1\u0161en\u00ed pop\u00ed\u0161e, jak bude postupovat, jak\u00e9 osobn\u00ed ochrann\u00e9 pracovn\u00ed prost\u0159edky pou\u017eijete a jak budete zach\u00e1zet s odpadem. Hygienick\u00e1 stanice nevyd\u00e1 povolen\u00ed, m\u016f\u017ee ale p\u0159ij\u00edt zkontrolovat, jestli jsou pln\u011bny povinnosti.<\/p>\n<p>Ohl\u00e1sit je t\u0159eba i ka\u017edou zm\u011bnu prac\u00ed, kter\u00e1 m\u016f\u017ee zv\u00fd\u0161it riziko expozice.<\/p>\n<p>N\u00e1le\u017eitosti hl\u00e1\u0161en\u00ed prac\u00ed s azbestem stanov\u00ed \u00a7 5 vyhl\u00e1\u0161ky \u010d. 432\/2003 Sb., kterou se stanov\u00ed podm\u00ednky pro za\u0159azov\u00e1n\u00ed prac\u00ed do kategori\u00ed, limitn\u00ed hodnoty ukazatel\u016f biologick\u00fdch expozi\u010dn\u00edch test\u016f, podm\u00ednky odb\u011bru biologick\u00e9ho materi\u00e1lu pro prov\u00e1d\u011bn\u00ed biologick\u00fdch expozi\u010dn\u00edch test\u016f a n\u00e1le\u017eitosti hl\u00e1\u0161en\u00ed prac\u00ed s azbestem a biologick\u00fdmi \u010diniteli, ve zn\u011bn\u00ed pozd\u011bj\u0161\u00edch p\u0159edpis\u016f (d\u00e1le jen vyhl\u00e1\u0161ka \u010d. 432\/2003 Sb.).<\/p>\n<p>Hl\u00e1\u0161en\u00ed nen\u00ed nutn\u00e9 u ojedin\u011bl\u00e9 a kr\u00e1tkodob\u00e9 expozice azbestu, nap\u0159\u00edklad p\u0159i drobn\u00e9m z\u00e1sahu s minim\u00e1ln\u00edm rizikem.<\/p>\n<p><strong>Tolik k azbestu &#8211; materi\u00e1lu, kter\u00fd byl d\u0159\u00edve b\u011b\u017enou sou\u010d\u00e1st\u00ed stavebnictv\u00ed, ale kter\u00fd dnes p\u0159edstavuje v\u00e1\u017en\u00e9 zdravotn\u00ed riziko.<\/strong><\/p>\n<p><em>zdroj obr\u00e1zku: eternitnonstop.cz<\/em><\/p>\n","protected":false},"excerpt":{"rendered":"<p>Azbest &#8211; d\u0159\u00edve velice popul\u00e1rn\u00ed, hojn\u011b pou\u017e\u00edvan\u00fd ve stavb\u00e1ch postaven\u00fdch p\u0159ed rokem 1990. Vysoce \u017e\u00e1ruvzdorn\u00fd, pevn\u00fd, chemicky odoln\u00fd a levn\u00fd&#8230;.<\/p>\n","protected":false},"author":4,"featured_media":1424,"comment_status":"closed","ping_status":"closed","sticky":false,"template":"","format":"standard","meta":{"footnotes":""},"categories":[4,67],"tags":[],"class_list":["post-1412","post","type-post","status-publish","format-standard","has-post-thumbnail","hentry","category-odpady","category-recyklace-odpadu"],"acf":[],"yoast_head":"<!-- This site is optimized with the Yoast SEO plugin v25.5 - https:\/\/yoast.com\/wordpress\/plugins\/seo\/ -->\n<title>Azbest: tich\u00e1 hrozba ve star\u0161\u00edch stavb\u00e1ch - SIEGL s.r.o. blog<\/title>\n<meta name=\"robots\" content=\"index, follow, max-snippet:-1, max-image-preview:large, max-video-preview:-1\" \/>\n<link rel=\"canonical\" href=\"https:\/\/www.siegl.cz\/blog\/odpady\/azbest-ticha-hrozba-ve-starsich-stavbach\" \/>\n<meta property=\"og:locale\" content=\"cs_CZ\" \/>\n<meta property=\"og:type\" content=\"article\" \/>\n<meta property=\"og:title\" content=\"Azbest: tich\u00e1 hrozba ve star\u0161\u00edch stavb\u00e1ch - SIEGL s.r.o. blog\" \/>\n<meta property=\"og:description\" content=\"Azbest &#8211; d\u0159\u00edve velice popul\u00e1rn\u00ed, hojn\u011b pou\u017e\u00edvan\u00fd ve stavb\u00e1ch postaven\u00fdch p\u0159ed rokem 1990. Vysoce \u017e\u00e1ruvzdorn\u00fd, pevn\u00fd, chemicky odoln\u00fd a levn\u00fd....\" \/>\n<meta property=\"og:url\" content=\"https:\/\/www.siegl.cz\/blog\/odpady\/azbest-ticha-hrozba-ve-starsich-stavbach\" \/>\n<meta property=\"og:site_name\" content=\"SIEGL s.r.o. blog\" \/>\n<meta property=\"article:publisher\" content=\"https:\/\/www.facebook.com\/sieglkontejnery\" \/>\n<meta property=\"article:published_time\" content=\"2026-09-03T16:19:55+00:00\" \/>\n<meta property=\"article:modified_time\" content=\"2026-09-03T16:45:33+00:00\" \/>\n<meta property=\"og:image\" content=\"https:\/\/www.siegl.cz\/blog\/wp-content\/uploads\/2026\/09\/azbest-ticha-hrozba-ve-starsich-domech.jpg\" \/>\n\t<meta property=\"og:image:width\" content=\"1408\" \/>\n\t<meta property=\"og:image:height\" content=\"768\" \/>\n\t<meta property=\"og:image:type\" content=\"image\/jpeg\" \/>\n<meta name=\"author\" content=\"Podpora Greg Berry\" \/>\n<meta name=\"twitter:card\" content=\"summary_large_image\" \/>\n<meta name=\"twitter:label1\" content=\"Napsal(a)\" \/>\n\t<meta name=\"twitter:data1\" content=\"Podpora Greg Berry\" \/>\n\t<meta name=\"twitter:label2\" content=\"Odhadovan\u00e1 doba \u010dten\u00ed\" \/>\n\t<meta name=\"twitter:data2\" content=\"4 minuty\" \/>\n<script type=\"application\/ld+json\" class=\"yoast-schema-graph\">{\"@context\":\"https:\/\/schema.org\",\"@graph\":[{\"@type\":\"WebPage\",\"@id\":\"https:\/\/www.siegl.cz\/blog\/odpady\/azbest-ticha-hrozba-ve-starsich-stavbach\",\"url\":\"https:\/\/www.siegl.cz\/blog\/odpady\/azbest-ticha-hrozba-ve-starsich-stavbach\",\"name\":\"Azbest: tich\u00e1 hrozba ve star\u0161\u00edch stavb\u00e1ch - SIEGL s.r.o. blog\",\"isPartOf\":{\"@id\":\"https:\/\/www.siegl.cz\/blog\/#website\"},\"primaryImageOfPage\":{\"@id\":\"https:\/\/www.siegl.cz\/blog\/odpady\/azbest-ticha-hrozba-ve-starsich-stavbach#primaryimage\"},\"image\":{\"@id\":\"https:\/\/www.siegl.cz\/blog\/odpady\/azbest-ticha-hrozba-ve-starsich-stavbach#primaryimage\"},\"thumbnailUrl\":\"https:\/\/www.siegl.cz\/blog\/wp-content\/uploads\/2026\/09\/azbest-ticha-hrozba-ve-starsich-domech.jpg\",\"datePublished\":\"2026-09-03T16:19:55+00:00\",\"dateModified\":\"2026-09-03T16:45:33+00:00\",\"author\":{\"@id\":\"https:\/\/www.siegl.cz\/blog\/#\/schema\/person\/d4ff4f981da678abe15638829f3ee87c\"},\"breadcrumb\":{\"@id\":\"https:\/\/www.siegl.cz\/blog\/odpady\/azbest-ticha-hrozba-ve-starsich-stavbach#breadcrumb\"},\"inLanguage\":\"cs\",\"potentialAction\":[{\"@type\":\"ReadAction\",\"target\":[\"https:\/\/www.siegl.cz\/blog\/odpady\/azbest-ticha-hrozba-ve-starsich-stavbach\"]}]},{\"@type\":\"ImageObject\",\"inLanguage\":\"cs\",\"@id\":\"https:\/\/www.siegl.cz\/blog\/odpady\/azbest-ticha-hrozba-ve-starsich-stavbach#primaryimage\",\"url\":\"https:\/\/www.siegl.cz\/blog\/wp-content\/uploads\/2026\/09\/azbest-ticha-hrozba-ve-starsich-domech.jpg\",\"contentUrl\":\"https:\/\/www.siegl.cz\/blog\/wp-content\/uploads\/2026\/09\/azbest-ticha-hrozba-ve-starsich-domech.jpg\",\"width\":1408,\"height\":768},{\"@type\":\"BreadcrumbList\",\"@id\":\"https:\/\/www.siegl.cz\/blog\/odpady\/azbest-ticha-hrozba-ve-starsich-stavbach#breadcrumb\",\"itemListElement\":[{\"@type\":\"ListItem\",\"position\":1,\"name\":\"Dom\u016f\",\"item\":\"https:\/\/www.siegl.cz\/blog\/\"},{\"@type\":\"ListItem\",\"position\":2,\"name\":\"Azbest: tich\u00e1 hrozba ve star\u0161\u00edch stavb\u00e1ch\"}]},{\"@type\":\"WebSite\",\"@id\":\"https:\/\/www.siegl.cz\/blog\/#website\",\"url\":\"https:\/\/www.siegl.cz\/blog\/\",\"name\":\"SIEGL s.r.o. blog\",\"description\":\"Just another WordPress site\",\"potentialAction\":[{\"@type\":\"SearchAction\",\"target\":{\"@type\":\"EntryPoint\",\"urlTemplate\":\"https:\/\/www.siegl.cz\/blog\/?s={search_term_string}\"},\"query-input\":{\"@type\":\"PropertyValueSpecification\",\"valueRequired\":true,\"valueName\":\"search_term_string\"}}],\"inLanguage\":\"cs\"},{\"@type\":\"Person\",\"@id\":\"https:\/\/www.siegl.cz\/blog\/#\/schema\/person\/d4ff4f981da678abe15638829f3ee87c\",\"name\":\"Podpora Greg Berry\",\"image\":{\"@type\":\"ImageObject\",\"inLanguage\":\"cs\",\"@id\":\"https:\/\/www.siegl.cz\/blog\/#\/schema\/person\/image\/\",\"url\":\"https:\/\/secure.gravatar.com\/avatar\/e5d2e664d4b967f367ea58f341d566c38718b4e6d73dd748c71b3722b139ac1e?s=96&d=mm&r=g\",\"contentUrl\":\"https:\/\/secure.gravatar.com\/avatar\/e5d2e664d4b967f367ea58f341d566c38718b4e6d73dd748c71b3722b139ac1e?s=96&d=mm&r=g\",\"caption\":\"Podpora Greg Berry\"},\"url\":\"https:\/\/www.siegl.cz\/blog\/author\/podpora\"}]}<\/script>\n<!-- \/ Yoast SEO plugin. -->","yoast_head_json":{"title":"Azbest: tich\u00e1 hrozba ve star\u0161\u00edch stavb\u00e1ch - SIEGL s.r.o. blog","robots":{"index":"index","follow":"follow","max-snippet":"max-snippet:-1","max-image-preview":"max-image-preview:large","max-video-preview":"max-video-preview:-1"},"canonical":"https:\/\/www.siegl.cz\/blog\/odpady\/azbest-ticha-hrozba-ve-starsich-stavbach","og_locale":"cs_CZ","og_type":"article","og_title":"Azbest: tich\u00e1 hrozba ve star\u0161\u00edch stavb\u00e1ch - SIEGL s.r.o. blog","og_description":"Azbest &#8211; d\u0159\u00edve velice popul\u00e1rn\u00ed, hojn\u011b pou\u017e\u00edvan\u00fd ve stavb\u00e1ch postaven\u00fdch p\u0159ed rokem 1990. Vysoce \u017e\u00e1ruvzdorn\u00fd, pevn\u00fd, chemicky odoln\u00fd a levn\u00fd....","og_url":"https:\/\/www.siegl.cz\/blog\/odpady\/azbest-ticha-hrozba-ve-starsich-stavbach","og_site_name":"SIEGL s.r.o. blog","article_publisher":"https:\/\/www.facebook.com\/sieglkontejnery","article_published_time":"2026-09-03T16:19:55+00:00","article_modified_time":"2026-09-03T16:45:33+00:00","og_image":[{"width":1408,"height":768,"url":"https:\/\/www.siegl.cz\/blog\/wp-content\/uploads\/2026\/09\/azbest-ticha-hrozba-ve-starsich-domech.jpg","type":"image\/jpeg"}],"author":"Podpora Greg Berry","twitter_card":"summary_large_image","twitter_misc":{"Napsal(a)":"Podpora Greg Berry","Odhadovan\u00e1 doba \u010dten\u00ed":"4 minuty"},"schema":{"@context":"https:\/\/schema.org","@graph":[{"@type":"WebPage","@id":"https:\/\/www.siegl.cz\/blog\/odpady\/azbest-ticha-hrozba-ve-starsich-stavbach","url":"https:\/\/www.siegl.cz\/blog\/odpady\/azbest-ticha-hrozba-ve-starsich-stavbach","name":"Azbest: tich\u00e1 hrozba ve star\u0161\u00edch stavb\u00e1ch - SIEGL s.r.o. blog","isPartOf":{"@id":"https:\/\/www.siegl.cz\/blog\/#website"},"primaryImageOfPage":{"@id":"https:\/\/www.siegl.cz\/blog\/odpady\/azbest-ticha-hrozba-ve-starsich-stavbach#primaryimage"},"image":{"@id":"https:\/\/www.siegl.cz\/blog\/odpady\/azbest-ticha-hrozba-ve-starsich-stavbach#primaryimage"},"thumbnailUrl":"https:\/\/www.siegl.cz\/blog\/wp-content\/uploads\/2026\/09\/azbest-ticha-hrozba-ve-starsich-domech.jpg","datePublished":"2026-09-03T16:19:55+00:00","dateModified":"2026-09-03T16:45:33+00:00","author":{"@id":"https:\/\/www.siegl.cz\/blog\/#\/schema\/person\/d4ff4f981da678abe15638829f3ee87c"},"breadcrumb":{"@id":"https:\/\/www.siegl.cz\/blog\/odpady\/azbest-ticha-hrozba-ve-starsich-stavbach#breadcrumb"},"inLanguage":"cs","potentialAction":[{"@type":"ReadAction","target":["https:\/\/www.siegl.cz\/blog\/odpady\/azbest-ticha-hrozba-ve-starsich-stavbach"]}]},{"@type":"ImageObject","inLanguage":"cs","@id":"https:\/\/www.siegl.cz\/blog\/odpady\/azbest-ticha-hrozba-ve-starsich-stavbach#primaryimage","url":"https:\/\/www.siegl.cz\/blog\/wp-content\/uploads\/2026\/09\/azbest-ticha-hrozba-ve-starsich-domech.jpg","contentUrl":"https:\/\/www.siegl.cz\/blog\/wp-content\/uploads\/2026\/09\/azbest-ticha-hrozba-ve-starsich-domech.jpg","width":1408,"height":768},{"@type":"BreadcrumbList","@id":"https:\/\/www.siegl.cz\/blog\/odpady\/azbest-ticha-hrozba-ve-starsich-stavbach#breadcrumb","itemListElement":[{"@type":"ListItem","position":1,"name":"Dom\u016f","item":"https:\/\/www.siegl.cz\/blog\/"},{"@type":"ListItem","position":2,"name":"Azbest: tich\u00e1 hrozba ve star\u0161\u00edch stavb\u00e1ch"}]},{"@type":"WebSite","@id":"https:\/\/www.siegl.cz\/blog\/#website","url":"https:\/\/www.siegl.cz\/blog\/","name":"SIEGL s.r.o. blog","description":"Just another WordPress site","potentialAction":[{"@type":"SearchAction","target":{"@type":"EntryPoint","urlTemplate":"https:\/\/www.siegl.cz\/blog\/?s={search_term_string}"},"query-input":{"@type":"PropertyValueSpecification","valueRequired":true,"valueName":"search_term_string"}}],"inLanguage":"cs"},{"@type":"Person","@id":"https:\/\/www.siegl.cz\/blog\/#\/schema\/person\/d4ff4f981da678abe15638829f3ee87c","name":"Podpora Greg Berry","image":{"@type":"ImageObject","inLanguage":"cs","@id":"https:\/\/www.siegl.cz\/blog\/#\/schema\/person\/image\/","url":"https:\/\/secure.gravatar.com\/avatar\/e5d2e664d4b967f367ea58f341d566c38718b4e6d73dd748c71b3722b139ac1e?s=96&d=mm&r=g","contentUrl":"https:\/\/secure.gravatar.com\/avatar\/e5d2e664d4b967f367ea58f341d566c38718b4e6d73dd748c71b3722b139ac1e?s=96&d=mm&r=g","caption":"Podpora Greg Berry"},"url":"https:\/\/www.siegl.cz\/blog\/author\/podpora"}]}},"_links":{"self":[{"href":"https:\/\/www.siegl.cz\/blog\/wp-json\/wp\/v2\/posts\/1412","targetHints":{"allow":["GET"]}}],"collection":[{"href":"https:\/\/www.siegl.cz\/blog\/wp-json\/wp\/v2\/posts"}],"about":[{"href":"https:\/\/www.siegl.cz\/blog\/wp-json\/wp\/v2\/types\/post"}],"author":[{"embeddable":true,"href":"https:\/\/www.siegl.cz\/blog\/wp-json\/wp\/v2\/users\/4"}],"replies":[{"embeddable":true,"href":"https:\/\/www.siegl.cz\/blog\/wp-json\/wp\/v2\/comments?post=1412"}],"version-history":[{"count":12,"href":"https:\/\/www.siegl.cz\/blog\/wp-json\/wp\/v2\/posts\/1412\/revisions"}],"predecessor-version":[{"id":1425,"href":"https:\/\/www.siegl.cz\/blog\/wp-json\/wp\/v2\/posts\/1412\/revisions\/1425"}],"wp:featuredmedia":[{"embeddable":true,"href":"https:\/\/www.siegl.cz\/blog\/wp-json\/wp\/v2\/media\/1424"}],"wp:attachment":[{"href":"https:\/\/www.siegl.cz\/blog\/wp-json\/wp\/v2\/media?parent=1412"}],"wp:term":[{"taxonomy":"category","embeddable":true,"href":"https:\/\/www.siegl.cz\/blog\/wp-json\/wp\/v2\/categories?post=1412"},{"taxonomy":"post_tag","embeddable":true,"href":"https:\/\/www.siegl.cz\/blog\/wp-json\/wp\/v2\/tags?post=1412"}],"curies":[{"name":"wp","href":"https:\/\/api.w.org\/{rel}","templated":true}]}}